{"id":241,"date":"2008-05-05T18:18:00","date_gmt":"2008-05-05T16:18:00","guid":{"rendered":"http:\/\/revuepolaire.com\/?p=241"},"modified":"2023-08-03T18:20:33","modified_gmt":"2023-08-03T16:20:33","slug":"les-violettes","status":"publish","type":"post","link":"https:\/\/revuepolaire.com\/index.php\/2008\/05\/05\/les-violettes\/","title":{"rendered":"Les Violettes"},"content":{"rendered":"\n<p>Elles \u00e9taient de Toulouse ou de Parme toujours, joliment pr\u00e9sent\u00e9es dans de petits bouquets serr\u00e9s, presque parfaits, li\u00e9s par une ficelle blanche qui en entortillait les tiges\u2026 comme un ruban la natte lourde de cheveux noirs d\u2019une Italienne dans les films o\u00f9 je d\u00e9couvrais les premi\u00e8res images de femmes pour moi troublantes, en ce tout d\u00e9but des ann\u00e9es soixante, \u00e0 la t\u00e9l\u00e9, au cin\u00e9ma.<\/p>\n\n\n\n<p>C\u2019\u00e9taient des marchandes des quatre saisons qui les vendaient toujours sur la Grand Place de Lille&nbsp;: souvent de tr\u00e8s vieilles femmes avec leur petite carriole \u00e0 bras, leur petit \u00e9tal ambulant qui pouvait \u00eatre parfois de vieilles voitures d\u2019enfant o\u00f9 elles mettaient leurs fleurs, leurs bouquets patiemment tress\u00e9s, en lieu et place de l\u2019enfant qu\u2019elles avaient peut-\u00eatre couch\u00e9 jadis \u00e0 leur place, et qui devait \u00eatre bien grand, les avait quitt\u00e9es depuis bien longtemps.<\/p>\n\n\n\n<p>Chaque fois que nous passions sur la Grand Place, mes parents et moi, mes parents et ma s\u0153ur et moi, je me souviens&nbsp;: mon p\u00e8re ne manquait jamais d\u2019aller furtivement acheter \u00e0 l\u2019une de ces vieilles un bouquet, un bouquet de violettes qu\u2019il offrait \u00e0 ma m\u00e8re, de violettes de Parme, dont j\u2019admirais la ficelle entortill\u00e9e comme un ruban autour d\u2019une natte de cheveux lourds\u2026<\/p>\n\n\n\n<p>Ma m\u00e8re \u00e9tait si jeune alors.<br>Moi, j\u2019\u00e9tais en culotte courte\u2026<br>Elle les aimait ses violettes&nbsp;!\u2026 J\u2019avais parfois l\u2019honneur insigne de les porter\u2026<\/p>\n\n\n\n<p>Je les aimais ces violettes. J\u2019aimais plus encore les vieilles qui les vendaient, qui m\u2019apparaissaient comme autant de vieilles f\u00e9es bienfaisantes \u00e0 qui la vie faisait le sort injuste puisqu\u2019elles vendaient du bonheur, pour rien ou presque.<br>Je voyais combien mes parents s\u2019aimaient.<\/p>\n\n\n\n<p><small>[28 \/ IV \/ 08]<\/small><\/p>\n","protected":false},"excerpt":{"rendered":"<p>Elles \u00e9taient de Toulouse ou de Parme toujours, joliment pr\u00e9sent\u00e9es dans de petits bouquets serr\u00e9s,&#8230;<\/p>\n","protected":false},"author":1,"featured_media":0,"comment_status":"closed","ping_status":"","sticky":false,"template":"","format":"standard","meta":{"_editorskit_title_hidden":false,"_editorskit_reading_time":0,"_editorskit_is_block_options_detached":false,"_editorskit_block_options_position":"{}","advgb_blocks_editor_width":"","advgb_blocks_columns_visual_guide":"","_monsterinsights_skip_tracking":false,"_monsterinsights_sitenote_active":false,"_monsterinsights_sitenote_note":"","_monsterinsights_sitenote_category":0,"_uf_show_specific_survey":0,"_uf_disable_surveys":false,"footnotes":""},"categories":[3],"tags":[],"class_list":["post-241","post","type-post","status-publish","format-standard","hentry","category-voix-poemes"],"yoast_head":"<!-- This site is optimized with the Yoast SEO plugin v27.4 - https:\/\/yoast.com\/product\/yoast-seo-wordpress\/ -->\n<title>Les Violettes - Revue Polaire<\/title>\n<meta name=\"robots\" content=\"index, follow, max-snippet:-1, max-image-preview:large, max-video-preview:-1\" \/>\n<link rel=\"canonical\" href=\"https:\/\/revuepolaire.com\/index.php\/2008\/05\/05\/les-violettes\/\" \/>\n<meta property=\"og:locale\" content=\"fr_FR\" \/>\n<meta property=\"og:type\" content=\"article\" \/>\n<meta property=\"og:title\" content=\"Les Violettes - Revue Polaire\" \/>\n<meta property=\"og:description\" content=\"Elles \u00e9taient de Toulouse ou de Parme toujours, joliment pr\u00e9sent\u00e9es dans de petits bouquets serr\u00e9s,...\" \/>\n<meta property=\"og:url\" content=\"https:\/\/revuepolaire.com\/index.php\/2008\/05\/05\/les-violettes\/\" \/>\n<meta property=\"og:site_name\" content=\"Revue Polaire\" \/>\n<meta property=\"article:publisher\" content=\"https:\/\/www.facebook.com\/polaire.editions\/?locale=fr_FR\" \/>\n<meta property=\"article:published_time\" content=\"2008-05-05T16:18:00+00:00\" \/>\n<meta property=\"article:modified_time\" content=\"2023-08-03T16:20:33+00:00\" \/>\n<meta name=\"author\" content=\"Jean-Louis Clo\u00ebt\" \/>\n<meta name=\"twitter:card\" content=\"summary_large_image\" \/>\n<meta name=\"twitter:label1\" content=\"\u00c9crit par\" \/>\n\t<meta name=\"twitter:data1\" content=\"Jean-Louis Clo\u00ebt\" \/>\n\t<meta name=\"twitter:label2\" content=\"Dur\u00e9e de lecture estim\u00e9e\" \/>\n\t<meta name=\"twitter:data2\" content=\"2 minutes\" \/>\n<script type=\"application\/ld+json\" class=\"yoast-schema-graph\">{\"@context\":\"https:\\\/\\\/schema.org\",\"@graph\":[{\"@type\":\"Article\",\"@id\":\"https:\\\/\\\/revuepolaire.com\\\/index.php\\\/2008\\\/05\\\/05\\\/les-violettes\\\/#article\",\"isPartOf\":{\"@id\":\"https:\\\/\\\/revuepolaire.com\\\/index.php\\\/2008\\\/05\\\/05\\\/les-violettes\\\/\"},\"author\":{\"name\":\"Jean-Louis Clo\u00ebt\",\"@id\":\"http:\\\/\\\/revuepolaire.com\\\/#\\\/schema\\\/person\\\/11d483a5451aa8b6c61183495e4e3cd5\"},\"headline\":\"Les Violettes\",\"datePublished\":\"2008-05-05T16:18:00+00:00\",\"dateModified\":\"2023-08-03T16:20:33+00:00\",\"mainEntityOfPage\":{\"@id\":\"https:\\\/\\\/revuepolaire.com\\\/index.php\\\/2008\\\/05\\\/05\\\/les-violettes\\\/\"},\"wordCount\":306,\"publisher\":{\"@id\":\"http:\\\/\\\/revuepolaire.com\\\/#organization\"},\"articleSection\":[\"Voix (po\u00e8mes)\"],\"inLanguage\":\"fr-FR\"},{\"@type\":\"WebPage\",\"@id\":\"https:\\\/\\\/revuepolaire.com\\\/index.php\\\/2008\\\/05\\\/05\\\/les-violettes\\\/\",\"url\":\"https:\\\/\\\/revuepolaire.com\\\/index.php\\\/2008\\\/05\\\/05\\\/les-violettes\\\/\",\"name\":\"Les Violettes - Revue Polaire\",\"isPartOf\":{\"@id\":\"http:\\\/\\\/revuepolaire.com\\\/#website\"},\"datePublished\":\"2008-05-05T16:18:00+00:00\",\"dateModified\":\"2023-08-03T16:20:33+00:00\",\"breadcrumb\":{\"@id\":\"https:\\\/\\\/revuepolaire.com\\\/index.php\\\/2008\\\/05\\\/05\\\/les-violettes\\\/#breadcrumb\"},\"inLanguage\":\"fr-FR\",\"potentialAction\":[{\"@type\":\"ReadAction\",\"target\":[\"https:\\\/\\\/revuepolaire.com\\\/index.php\\\/2008\\\/05\\\/05\\\/les-violettes\\\/\"]}]},{\"@type\":\"BreadcrumbList\",\"@id\":\"https:\\\/\\\/revuepolaire.com\\\/index.php\\\/2008\\\/05\\\/05\\\/les-violettes\\\/#breadcrumb\",\"itemListElement\":[{\"@type\":\"ListItem\",\"position\":1,\"name\":\"Accueil\",\"item\":\"http:\\\/\\\/revuepolaire.com\\\/\"},{\"@type\":\"ListItem\",\"position\":2,\"name\":\"Les Violettes\"}]},{\"@type\":\"WebSite\",\"@id\":\"http:\\\/\\\/revuepolaire.com\\\/#website\",\"url\":\"http:\\\/\\\/revuepolaire.com\\\/\",\"name\":\"Revue Polaire\",\"description\":\"Pour retrouver magn\u00e9tiquement, au-del\u00e0, en-de\u00e7\u00e0 des frilosit\u00e9s postmodernes, l&#039;esprit des p\u00f4les, le grand Air\u2026\",\"publisher\":{\"@id\":\"http:\\\/\\\/revuepolaire.com\\\/#organization\"},\"potentialAction\":[{\"@type\":\"SearchAction\",\"target\":{\"@type\":\"EntryPoint\",\"urlTemplate\":\"http:\\\/\\\/revuepolaire.com\\\/?s={search_term_string}\"},\"query-input\":{\"@type\":\"PropertyValueSpecification\",\"valueRequired\":true,\"valueName\":\"search_term_string\"}}],\"inLanguage\":\"fr-FR\"},{\"@type\":\"Organization\",\"@id\":\"http:\\\/\\\/revuepolaire.com\\\/#organization\",\"name\":\"Revue Polaire\",\"url\":\"http:\\\/\\\/revuepolaire.com\\\/\",\"logo\":{\"@type\":\"ImageObject\",\"inLanguage\":\"fr-FR\",\"@id\":\"http:\\\/\\\/revuepolaire.com\\\/#\\\/schema\\\/logo\\\/image\\\/\",\"url\":\"https:\\\/\\\/revuepolaire.com\\\/wp-content\\\/uploads\\\/2023\\\/10\\\/cropped-cropped-cropped-b-vert-deau-1-2.png\",\"contentUrl\":\"https:\\\/\\\/revuepolaire.com\\\/wp-content\\\/uploads\\\/2023\\\/10\\\/cropped-cropped-cropped-b-vert-deau-1-2.png\",\"width\":246,\"height\":246,\"caption\":\"Revue Polaire\"},\"image\":{\"@id\":\"http:\\\/\\\/revuepolaire.com\\\/#\\\/schema\\\/logo\\\/image\\\/\"},\"sameAs\":[\"https:\\\/\\\/www.facebook.com\\\/polaire.editions\\\/?locale=fr_FR\"]},{\"@type\":\"Person\",\"@id\":\"http:\\\/\\\/revuepolaire.com\\\/#\\\/schema\\\/person\\\/11d483a5451aa8b6c61183495e4e3cd5\",\"name\":\"Jean-Louis Clo\u00ebt\",\"image\":{\"@type\":\"ImageObject\",\"inLanguage\":\"fr-FR\",\"@id\":\"https:\\\/\\\/revuepolaire.com\\\/wp-content\\\/uploads\\\/2023\\\/08\\\/Montage-9-150x150.jpg\",\"url\":\"https:\\\/\\\/revuepolaire.com\\\/wp-content\\\/uploads\\\/2023\\\/08\\\/Montage-9-150x150.jpg\",\"contentUrl\":\"https:\\\/\\\/revuepolaire.com\\\/wp-content\\\/uploads\\\/2023\\\/08\\\/Montage-9-150x150.jpg\",\"caption\":\"Jean-Louis Clo\u00ebt\"},\"sameAs\":[\"http:\\\/\\\/revuepolaire.com\"],\"url\":\"https:\\\/\\\/revuepolaire.com\\\/index.php\\\/author\\\/admin3723\\\/\"}]}<\/script>\n<!-- \/ Yoast SEO plugin. -->","yoast_head_json":{"title":"Les Violettes - Revue Polaire","robots":{"index":"index","follow":"follow","max-snippet":"max-snippet:-1","max-image-preview":"max-image-preview:large","max-video-preview":"max-video-preview:-1"},"canonical":"https:\/\/revuepolaire.com\/index.php\/2008\/05\/05\/les-violettes\/","og_locale":"fr_FR","og_type":"article","og_title":"Les Violettes - Revue Polaire","og_description":"Elles \u00e9taient de Toulouse ou de Parme toujours, joliment pr\u00e9sent\u00e9es dans de petits bouquets serr\u00e9s,...","og_url":"https:\/\/revuepolaire.com\/index.php\/2008\/05\/05\/les-violettes\/","og_site_name":"Revue Polaire","article_publisher":"https:\/\/www.facebook.com\/polaire.editions\/?locale=fr_FR","article_published_time":"2008-05-05T16:18:00+00:00","article_modified_time":"2023-08-03T16:20:33+00:00","author":"Jean-Louis Clo\u00ebt","twitter_card":"summary_large_image","twitter_misc":{"\u00c9crit par":"Jean-Louis Clo\u00ebt","Dur\u00e9e de lecture estim\u00e9e":"2 minutes"},"schema":{"@context":"https:\/\/schema.org","@graph":[{"@type":"Article","@id":"https:\/\/revuepolaire.com\/index.php\/2008\/05\/05\/les-violettes\/#article","isPartOf":{"@id":"https:\/\/revuepolaire.com\/index.php\/2008\/05\/05\/les-violettes\/"},"author":{"name":"Jean-Louis Clo\u00ebt","@id":"http:\/\/revuepolaire.com\/#\/schema\/person\/11d483a5451aa8b6c61183495e4e3cd5"},"headline":"Les Violettes","datePublished":"2008-05-05T16:18:00+00:00","dateModified":"2023-08-03T16:20:33+00:00","mainEntityOfPage":{"@id":"https:\/\/revuepolaire.com\/index.php\/2008\/05\/05\/les-violettes\/"},"wordCount":306,"publisher":{"@id":"http:\/\/revuepolaire.com\/#organization"},"articleSection":["Voix (po\u00e8mes)"],"inLanguage":"fr-FR"},{"@type":"WebPage","@id":"https:\/\/revuepolaire.com\/index.php\/2008\/05\/05\/les-violettes\/","url":"https:\/\/revuepolaire.com\/index.php\/2008\/05\/05\/les-violettes\/","name":"Les Violettes - Revue Polaire","isPartOf":{"@id":"http:\/\/revuepolaire.com\/#website"},"datePublished":"2008-05-05T16:18:00+00:00","dateModified":"2023-08-03T16:20:33+00:00","breadcrumb":{"@id":"https:\/\/revuepolaire.com\/index.php\/2008\/05\/05\/les-violettes\/#breadcrumb"},"inLanguage":"fr-FR","potentialAction":[{"@type":"ReadAction","target":["https:\/\/revuepolaire.com\/index.php\/2008\/05\/05\/les-violettes\/"]}]},{"@type":"BreadcrumbList","@id":"https:\/\/revuepolaire.com\/index.php\/2008\/05\/05\/les-violettes\/#breadcrumb","itemListElement":[{"@type":"ListItem","position":1,"name":"Accueil","item":"http:\/\/revuepolaire.com\/"},{"@type":"ListItem","position":2,"name":"Les Violettes"}]},{"@type":"WebSite","@id":"http:\/\/revuepolaire.com\/#website","url":"http:\/\/revuepolaire.com\/","name":"Revue Polaire","description":"Pour retrouver magn\u00e9tiquement, au-del\u00e0, en-de\u00e7\u00e0 des frilosit\u00e9s postmodernes, l&#039;esprit des p\u00f4les, le grand Air\u2026","publisher":{"@id":"http:\/\/revuepolaire.com\/#organization"},"potentialAction":[{"@type":"SearchAction","target":{"@type":"EntryPoint","urlTemplate":"http:\/\/revuepolaire.com\/?s={search_term_string}"},"query-input":{"@type":"PropertyValueSpecification","valueRequired":true,"valueName":"search_term_string"}}],"inLanguage":"fr-FR"},{"@type":"Organization","@id":"http:\/\/revuepolaire.com\/#organization","name":"Revue Polaire","url":"http:\/\/revuepolaire.com\/","logo":{"@type":"ImageObject","inLanguage":"fr-FR","@id":"http:\/\/revuepolaire.com\/#\/schema\/logo\/image\/","url":"https:\/\/revuepolaire.com\/wp-content\/uploads\/2023\/10\/cropped-cropped-cropped-b-vert-deau-1-2.png","contentUrl":"https:\/\/revuepolaire.com\/wp-content\/uploads\/2023\/10\/cropped-cropped-cropped-b-vert-deau-1-2.png","width":246,"height":246,"caption":"Revue Polaire"},"image":{"@id":"http:\/\/revuepolaire.com\/#\/schema\/logo\/image\/"},"sameAs":["https:\/\/www.facebook.com\/polaire.editions\/?locale=fr_FR"]},{"@type":"Person","@id":"http:\/\/revuepolaire.com\/#\/schema\/person\/11d483a5451aa8b6c61183495e4e3cd5","name":"Jean-Louis Clo\u00ebt","image":{"@type":"ImageObject","inLanguage":"fr-FR","@id":"https:\/\/revuepolaire.com\/wp-content\/uploads\/2023\/08\/Montage-9-150x150.jpg","url":"https:\/\/revuepolaire.com\/wp-content\/uploads\/2023\/08\/Montage-9-150x150.jpg","contentUrl":"https:\/\/revuepolaire.com\/wp-content\/uploads\/2023\/08\/Montage-9-150x150.jpg","caption":"Jean-Louis Clo\u00ebt"},"sameAs":["http:\/\/revuepolaire.com"],"url":"https:\/\/revuepolaire.com\/index.php\/author\/admin3723\/"}]}},"author_meta":{"display_name":"Jean-Louis Clo\u00ebt","author_link":"https:\/\/revuepolaire.com\/index.php\/author\/admin3723\/"},"featured_img":null,"coauthors":[],"tax_additional":{"categories":{"linked":["<a href=\"https:\/\/revuepolaire.com\/index.php\/category\/voix-poemes\/\" class=\"advgb-post-tax-term\">Voix (po\u00e8mes)<\/a>"],"unlinked":["<span class=\"advgb-post-tax-term\">Voix (po\u00e8mes)<\/span>"]}},"comment_count":"0","relative_dates":{"created":"Publi\u00e9 18 ans il y a","modified":"Mis \u00e0 jour 3 ans il y a"},"absolute_dates":{"created":"Publi\u00e9 le 5 mai 2008","modified":"Mise \u00e0 jour le 3 ao\u00fbt 2023"},"absolute_dates_time":{"created":"Publi\u00e9 le 5 mai 2008 18h18","modified":"Mise \u00e0 jour le 3 ao\u00fbt 2023 18h20"},"featured_img_caption":"","series_order":"","_links":{"self":[{"href":"https:\/\/revuepolaire.com\/index.php\/wp-json\/wp\/v2\/posts\/241","targetHints":{"allow":["GET"]}}],"collection":[{"href":"https:\/\/revuepolaire.com\/index.php\/wp-json\/wp\/v2\/posts"}],"about":[{"href":"https:\/\/revuepolaire.com\/index.php\/wp-json\/wp\/v2\/types\/post"}],"author":[{"embeddable":true,"href":"https:\/\/revuepolaire.com\/index.php\/wp-json\/wp\/v2\/users\/1"}],"replies":[{"embeddable":true,"href":"https:\/\/revuepolaire.com\/index.php\/wp-json\/wp\/v2\/comments?post=241"}],"version-history":[{"count":1,"href":"https:\/\/revuepolaire.com\/index.php\/wp-json\/wp\/v2\/posts\/241\/revisions"}],"predecessor-version":[{"id":242,"href":"https:\/\/revuepolaire.com\/index.php\/wp-json\/wp\/v2\/posts\/241\/revisions\/242"}],"wp:attachment":[{"href":"https:\/\/revuepolaire.com\/index.php\/wp-json\/wp\/v2\/media?parent=241"}],"wp:term":[{"taxonomy":"category","embeddable":true,"href":"https:\/\/revuepolaire.com\/index.php\/wp-json\/wp\/v2\/categories?post=241"},{"taxonomy":"post_tag","embeddable":true,"href":"https:\/\/revuepolaire.com\/index.php\/wp-json\/wp\/v2\/tags?post=241"}],"curies":[{"name":"wp","href":"https:\/\/api.w.org\/{rel}","templated":true}]}}